[{"@context":"https:\/\/schema.org\/","@type":"Article","@id":"https:\/\/www.welery.cz\/stehujeme-se-na-chalupu\/#Article","mainEntityOfPage":"https:\/\/www.welery.cz\/stehujeme-se-na-chalupu\/","headline":"St\u011bhujeme se na chalupu","name":"St\u011bhujeme se na chalupu","description":"Rozhodli jste se prodat m\u011bstsk\u00fd byt a odst\u011bhovat se natrvalo do rekrea\u010dn\u00ed oblasti? Podobn\u00e9 \u0159e\u0161en\u00ed provedla p\u0159ed v\u00e1mi ji\u017e \u0159ada lid\u00ed s v\u011bdom\u00edm, \u017ee d\u00e1vaj\u00ed p\u0159ednost rad\u011bji poklidn\u00e9mu \u017eivotn\u00edmu stylu, bl\u00ed\u017ee p\u0159\u00edrod\u011b, a ob\u011btuj\u00ed mu mnohdy i slibnou pracovn\u00ed kari\u00e9ru. Pr\u00e1ce toti\u017e nen\u00ed v\u0161e a p\u0159eroste-li v\u00e1m p\u0159es hlavu a stanou se z v\u00e1s kancel\u00e1\u0159\u0161t\u00ed...","datePublished":"2022-12-26","dateModified":"2023-05-03","author":{"@type":"Person","@id":"https:\/\/www.welery.cz\/author\/devene\/#Person","name":"devene","url":"https:\/\/www.welery.cz\/author\/devene\/","identifier":1,"image":{"@type":"ImageObject","@id":"https:\/\/secure.gravatar.com\/avatar\/b86e461e91a792eb6523c2667396c9868de382fea5dd80e25dc0d9e030173b65?s=96&d=mm&r=g","url":"https:\/\/secure.gravatar.com\/avatar\/b86e461e91a792eb6523c2667396c9868de382fea5dd80e25dc0d9e030173b65?s=96&d=mm&r=g","height":96,"width":96}},"publisher":{"@type":"Organization","name":"welery.cz","logo":{"@type":"ImageObject","@id":"\/logo.png","url":"\/logo.png","width":600,"height":60}},"image":{"@type":"ImageObject","@id":"https:\/\/www.welery.cz\/wp-content\/uploads\/van-g6b0da9948_640.jpg","url":"https:\/\/www.welery.cz\/wp-content\/uploads\/van-g6b0da9948_640.jpg","height":0,"width":0},"url":"https:\/\/www.welery.cz\/stehujeme-se-na-chalupu\/","about":["Spole\u010dnosti"],"wordCount":431,"articleBody":"   Rozhodli jste se prodat m\u011bstsk\u00fd byt a odst\u011bhovat se natrvalo do rekrea\u010dn\u00ed oblasti? Podobn\u00e9 \u0159e\u0161en\u00ed provedla p\u0159ed v\u00e1mi ji\u017e \u0159ada lid\u00ed s v\u011bdom\u00edm, \u017ee d\u00e1vaj\u00ed p\u0159ednost rad\u011bji poklidn\u00e9mu \u017eivotn\u00edmu stylu, bl\u00ed\u017ee p\u0159\u00edrod\u011b, a ob\u011btuj\u00ed mu mnohdy i slibnou pracovn\u00ed kari\u00e9ru. Pr\u00e1ce toti\u017e nen\u00ed v\u0161e a p\u0159eroste-li v\u00e1m p\u0159es hlavu a stanou se z v\u00e1s kancel\u00e1\u0159\u0161t\u00ed workoholici, \u017eivot v\u00e1m ub\u011bhne mezi prsty a uv\u011bdom\u00edte si, \u017ee jste jej promarnili mnoha zbyte\u010dnostmi.Jakmile se p\u0159ibl\u00ed\u017e\u00ed den D, a budete m\u00edt v\u0161e p\u0159ipraveno k odjezdu a v\u011bci d\u016fkladn\u011b zabalen\u00e9, bude \u010das usednout do st\u011bhovac\u00edho vozu. R\u00e1di bychom v\u00e1m p\u0159ipomn\u011bli, \u017ee chcete-li u\u0161et\u0159it za st\u011bhovac\u00ed firmu, nebude to \u017e\u00e1dn\u00fd probl\u00e9m, pokud jste alespo\u0148 trochu \u0161ikovn\u00ed a fyzicky zdatn\u00ed. Zvl\u00e1dnete to sami i s pronajat\u00fdm vozem z p\u016fj\u010dovny dod\u00e1vek v Praze 6.Dod\u00e1vku si rezervujte v p\u0159edstihu n\u011bkolika t\u00fddn\u016f, podobn\u011b, jako kdybyste prov\u00e1d\u011bli rezervaci u st\u011bhovac\u00ed firmy. Budete pak m\u00edt jistotu, \u017ee se v\u00e1\u0161 z\u00e1m\u011br uskute\u010dn\u00ed.Nezapom\u00ednejte na poji\u0161t\u011bn\u00ed \u2013 pronaj\u00edmatel\u00e9 vozidel maj\u00ed vozy zaji\u0161t\u011bn\u00e9 proti v\u0161em typ\u016fm negativn\u00edch ud\u00e1lost\u00ed, o n\u011b nemus\u00edte m\u00edt starost, ov\u0161em starost m\u011bjte sami za sebe. P\u0159ed p\u0159evzet\u00edm vozidla m\u011bjte sjednan\u00e9 poji\u0161t\u011bn\u00ed pro p\u0159\u00edpad, \u017ee byste v\u016fz po\u0161kodili, by\u0165 necht\u011bn\u011b, nap\u0159. p\u0159i nakl\u00e1d\u00e1n\u00ed b\u0159emen nebo p\u0159i parkov\u00e1n\u00ed. Bude po v\u00e1s po\u017eadov\u00e1na n\u00e1hrada \u0161kody, a ta nemus\u00ed b\u00fdt zrovna mal\u00e1. Poji\u0161t\u011bn\u00ed v\u00e1m va\u0161e v\u00fddaje v takov\u00fdch situac\u00edch v\u00fdrazn\u011b zbrzd\u00ed.St\u011bhujte se p\u0159es noc \u2013 chcete-li zm\u00edrnit pravd\u011bpodobnost n\u011bjak\u00e9ho probl\u00e9mu, p\u0159est\u011bhujte se v no\u010dn\u00edch hodin\u00e1ch. V t\u00e9to dob\u011b je na silnic\u00edch minim\u00e1ln\u00ed provoz, co\u017e sn\u00ed\u017e\u00ed pravd\u011bpodobnost dopravn\u00ed nehody, a v noci tak\u00e9 z\u0159ejm\u011b nebudou nikde \u017e\u00e1dn\u00e9 z\u00e1cpy a kolony. Z\u00e1rove\u0148 nebudete ter\u010dem pohledu r\u016fzn\u00fdch zv\u011bdavc\u016f nebo dokonce nep\u0159ej\u00edc\u00edch soused\u016f, kte\u0159\u00ed vyzv\u00eddaj\u00ed a zbyte\u010dn\u011b v\u00e1s zdr\u017euj\u00ed nebo v\u00e1s mohou i slovn\u011b napadat. \u010c\u00edm m\u00e9n\u011b lid\u00ed o va\u0161em z\u00e1m\u011bru bude v\u011bd\u011bt, t\u00edm l\u00e9pe.                                                                                                                                                                                                                                                                                                                                                                                          4.7\/5 - (3 votes)        "},{"@context":"https:\/\/schema.org\/","@type":"BreadcrumbList","itemListElement":[{"@type":"ListItem","position":1,"name":"St\u011bhujeme se na chalupu","item":"https:\/\/www.welery.cz\/stehujeme-se-na-chalupu\/#breadcrumbitem"}]}]