[{"@context":"https:\/\/schema.org\/","@type":"Article","@id":"https:\/\/www.welery.cz\/politika-a-lide\/#Article","mainEntityOfPage":"https:\/\/www.welery.cz\/politika-a-lide\/","headline":"Politika a lid\u00e9","name":"Politika a lid\u00e9","description":"V\u017edycky, kdy\u017e jsem byla mal\u00e1, tak m\u011b docela zar\u00e1\u017eelo, \u017ee babi\u010dka se st\u00e1le cht\u011bla bavit jenom o politice. Abych se p\u0159iznala, tak m\u011b politika v\u016fbec nebav\u00ed. Politika nen\u00ed v\u016fbec moje siln\u00e1 str\u00e1nka. A vlastn\u011b, kdybych se cht\u011bla i tak bavit o politice, tak by m\u011b bohu\u017eel nic jin\u00e9ho nezbylo ne\u017e se o n\u00ed nebavit. Proto\u017ee...","datePublished":"2024-03-04","dateModified":"2024-03-04","author":{"@type":"Person","@id":"https:\/\/www.welery.cz\/author\/devene\/#Person","name":"devene","url":"https:\/\/www.welery.cz\/author\/devene\/","identifier":1,"image":{"@type":"ImageObject","@id":"https:\/\/secure.gravatar.com\/avatar\/b86e461e91a792eb6523c2667396c9868de382fea5dd80e25dc0d9e030173b65?s=96&d=mm&r=g","url":"https:\/\/secure.gravatar.com\/avatar\/b86e461e91a792eb6523c2667396c9868de382fea5dd80e25dc0d9e030173b65?s=96&d=mm&r=g","height":96,"width":96}},"publisher":{"@type":"Organization","name":"welery.cz","logo":{"@type":"ImageObject","@id":"\/logo.png","url":"\/logo.png","width":600,"height":60}},"image":{"@type":"ImageObject","@id":"https:\/\/www.welery.cz\/wp-content\/uploads\/leipzig-6367607_640.jpg","url":"https:\/\/www.welery.cz\/wp-content\/uploads\/leipzig-6367607_640.jpg","height":0,"width":0},"url":"https:\/\/www.welery.cz\/politika-a-lide\/","about":["Politika"],"wordCount":455,"articleBody":"V\u017edycky, kdy\u017e jsem byla mal\u00e1, tak m\u011b docela zar\u00e1\u017eelo, \u017ee babi\u010dka se st\u00e1le cht\u011bla bavit jenom o politice. Abych se p\u0159iznala, tak m\u011b politika v\u016fbec nebav\u00ed. Politika nen\u00ed v\u016fbec moje siln\u00e1 str\u00e1nka. A vlastn\u011b, kdybych se cht\u011bla i tak bavit o politice, tak by m\u011b bohu\u017eel nic jin\u00e9ho nezbylo ne\u017e se o n\u00ed nebavit. Proto\u017ee j\u00e1 o politice toho v\u016fbec nic moc nev\u00edm. Samoz\u0159ejm\u011b, \u017ee bych tak\u00e9 cht\u011bla zn\u00e1t pouze informace, kter\u00e9 se t\u00fdkaj\u00ed politiky a podobn\u011b. Jenom\u017ee, kdy\u017e mi to v\u016fbec nesed\u00ed a v\u016fbec mi politika nesedla, tak co bych o politice m\u011bla \u0159\u00edkat? Ten kamar\u00e1d se pr\u00e1v\u011b o politice bav\u00ed opravdu hodn\u011b r\u00e1d.Poka\u017ed\u00e9, kdy\u017e se mi t\u0159eba zept\u00e1, co se t\u00fdk\u00e1 politiky, tak v\u017edycky ani nev\u00edm, co mu m\u00e1m odpov\u011bd\u011bt. M\u016fj kamar\u00e1d \u0159\u00edk\u00e1, \u017ee je pr\u00fd ka\u017ed\u00fd \u010dlov\u011bk m\u00e1 n\u011bjak\u00e9 v\u011bdomosti anebo znalosti \u010di z\u00e1libu v politice. Ale to bych nebyla j\u00e1, abych t\u0159eba tak\u00e9 n\u011bco nevymyslela. Samoz\u0159ejm\u011b, \u017ee tak\u00e9 zkou\u0161\u00edm r\u016fzn\u00e9 tipy a n\u00e1zory, kter\u00e9 t\u0159eba vy\u010dtu na internetu nebo kter\u00e9 vid\u00edm t\u0159eba nap\u0159\u00edklad i v televizi, proto\u017ee v televizi se opravdu hodn\u011b lid\u00ed bav\u00ed o politice, a tak podobn\u011b. Mus\u00edm \u0159\u00edct, \u017ee politika sice nen\u00ed moje siln\u00e1 str\u00e1nka, ale kdy\u017e se n\u011bkdo chce bavit o politice, tak se tak\u00e9 pokou\u0161\u00edm. Tohle t\u00e9ma n\u011bjak rozvinout, abych zaujmula.Ale samoz\u0159ejm\u011b nechci tohle d\u011blat jenom tak na oko, proto\u017ee jsou lid\u00e9, kte\u0159\u00ed se o politice i tak bav\u00ed, i kdy\u017e je to nezaj\u00edm\u00e1. A to je podle m\u00e9ho n\u00e1zoru opravdu velik\u00e1 \u0161koda, proto\u017ee je podle m\u00e9ho n\u00e1zoru by se \u010dlov\u011bk m\u011bl bavit jenom o tom, co ho zaj\u00edm\u00e1. A kdy\u017e \u010dlov\u011bka nezaj\u00edm\u00e1 politika a bav\u00ed se tak jenom na oko, tak podle m\u00e9ho n\u00e1zoru to nem\u00e1 v\u016fbec absolutn\u011b \u017e\u00e1dnou cenu. Ale t\u0159eba n\u011bkomu to v\u016fbec nevad\u00ed? N\u011bkdo tohle vyhled\u00e1v\u00e1 a j\u00e1 si mysl\u00edm, \u017ee t\u0159eba lid\u00e9, kdy\u017e se bav\u00ed o politice a ten druh\u00fd \u010dlov\u011bk tohle v\u016fbec nezvl\u00e1d\u00e1 a neum\u00ed to tak je to opravdu \u0161koda, proto\u017ee potom ten \u010dlov\u011bk m\u016f\u017ee z\u00edskat takov\u00fd myln\u00fd dojem, \u017ee se vlastn\u011b bav\u00ed s n\u011bk\u00fdm, koho politika zaj\u00edm\u00e1 anebo kdo se v politice opravdu hodn\u011b dob\u0159e vyzn\u00e1. Tohle ale absolutn\u011b nen\u00ed v\u016fbec moje t\u00e9ma a moje siln\u00e1 str\u00e1nka.\u00a0                                                                                                                                                                                                                                                                                                                                                                                        3.8\/5 - (5 votes)        "},{"@context":"https:\/\/schema.org\/","@type":"BreadcrumbList","itemListElement":[{"@type":"ListItem","position":1,"name":"Politika a lid\u00e9","item":"https:\/\/www.welery.cz\/politika-a-lide\/#breadcrumbitem"}]}]