[{"@context":"https:\/\/schema.org\/","@type":"Article","@id":"https:\/\/www.welery.cz\/okouzli-vas-nadherne-prirodni-scenerie\/#Article","mainEntityOfPage":"https:\/\/www.welery.cz\/okouzli-vas-nadherne-prirodni-scenerie\/","headline":"Okouzl\u00ed v\u00e1s n\u00e1dhern\u00e9 p\u0159\u00edrodn\u00ed scen\u00e9rie","name":"Okouzl\u00ed v\u00e1s n\u00e1dhern\u00e9 p\u0159\u00edrodn\u00ed scen\u00e9rie","description":"Byli jste ji\u017e v na\u0161ich hor\u00e1ch? \u017de je\u0161t\u011b ne, zkuste to co nejrychleji zm\u011bnit. S na\u0161\u00edm ubytov\u00e1n\u00edm Jesen\u00edky budete velmi spokojeni. \u010cekaj\u00ed na v\u00e1s jednol\u016f\u017ekov\u00e9, dvoul\u016f\u017ekov\u00e9, t\u0159\u00edl\u016f\u017ekov\u00e9 a p\u011btil\u016f\u017ekov\u00e9 pokoje a apartm\u00e1. V objektu najdete i prostory vhodn\u00e9 pro \u0161kolen\u00ed nebo svatby \u010di jin\u00e9 oslavy. Sta\u010d\u00ed si je u n\u00e1s objednat. Budeme se na v\u00e1s...","datePublished":"2024-12-04","dateModified":"2024-12-04","author":{"@type":"Person","@id":"https:\/\/www.welery.cz\/author\/devene\/#Person","name":"devene","url":"https:\/\/www.welery.cz\/author\/devene\/","identifier":1,"image":{"@type":"ImageObject","@id":"https:\/\/secure.gravatar.com\/avatar\/b86e461e91a792eb6523c2667396c9868de382fea5dd80e25dc0d9e030173b65?s=96&d=mm&r=g","url":"https:\/\/secure.gravatar.com\/avatar\/b86e461e91a792eb6523c2667396c9868de382fea5dd80e25dc0d9e030173b65?s=96&d=mm&r=g","height":96,"width":96}},"publisher":{"@type":"Organization","name":"welery.cz","logo":{"@type":"ImageObject","@id":"\/logo.png","url":"\/logo.png","width":600,"height":60}},"url":"https:\/\/www.welery.cz\/okouzli-vas-nadherne-prirodni-scenerie\/","wordCount":168,"articleBody":" Byli jste ji\u017e v na\u0161ich hor\u00e1ch? \u017de je\u0161t\u011b ne, zkuste to co nejrychleji zm\u011bnit. S na\u0161\u00edm ubytov\u00e1n\u00edm Jesen\u00edky budete velmi spokojeni. \u010cekaj\u00ed na v\u00e1s jednol\u016f\u017ekov\u00e9, dvoul\u016f\u017ekov\u00e9, t\u0159\u00edl\u016f\u017ekov\u00e9 a p\u011btil\u016f\u017ekov\u00e9 pokoje a apartm\u00e1. V objektu najdete i prostory vhodn\u00e9 pro \u0161kolen\u00ed nebo svatby \u010di jin\u00e9 oslavy. Sta\u010d\u00ed si je u n\u00e1s objednat. Budeme se na v\u00e1s t\u011b\u0161it. Vezm\u011bte s sebou celou rodinu M\u00e1te r\u00e1di hory? Pokud je va\u0161e odpov\u011b\u010f kladn\u00e1, doporu\u010dujeme v\u00e1m p\u0159ijet pr\u00e1v\u011b k n\u00e1m. Co m\u016f\u017eete o\u010dek\u00e1vat? P\u0159edev\u0161\u00edm je\u0161t\u011b nedot\u010denou p\u0159\u00edrodu. N\u00e1\u0161 hotel Kurzovn\u00ed se nach\u00e1z\u00ed v N\u00e1rodn\u00ed p\u0159\u00edrodn\u00ed rezervaci Prad\u011bd. Kousek odtud se na v\u00e1s bude d\u00edvat. Je nejvy\u0161\u0161\u00ed horou cel\u00e9 Moravy. Ubytov\u00e1n\u00ed Jesen\u00edky je ji\u017e pro v\u00e1s p\u0159ipraveno. \u010cek\u00e1me na v\u0161echny na\u0161e z\u00e1kazn\u00edky.                                                                                                                                                                                                                                                                                                                                                                                        3.7\/5 - (4 votes)        "},{"@context":"https:\/\/schema.org\/","@type":"BreadcrumbList","itemListElement":[{"@type":"ListItem","position":1,"name":"Okouzl\u00ed v\u00e1s n\u00e1dhern\u00e9 p\u0159\u00edrodn\u00ed scen\u00e9rie","item":"https:\/\/www.welery.cz\/okouzli-vas-nadherne-prirodni-scenerie\/#breadcrumbitem"}]}]