[{"@context":"https:\/\/schema.org\/","@type":"Article","@id":"https:\/\/www.welery.cz\/moje-prace-na-pocitaci\/#Article","mainEntityOfPage":"https:\/\/www.welery.cz\/moje-prace-na-pocitaci\/","headline":"Moje pr\u00e1ce na po\u010d\u00edta\u010di","name":"Moje pr\u00e1ce na po\u010d\u00edta\u010di","description":"Kdy\u017e jsem dod\u011blala st\u0159edn\u00ed \u0161kolu, tak jsem p\u0159em\u00fd\u0161lela, kam p\u016fjdu studovat d\u00e1l. Taky jsem p\u0159em\u00fd\u0161lela, jestli u\u017e po maturit\u011b nep\u016fjdu rad\u011bji pracovat, abych m\u011bla pen\u00edze. M\u011bla jsem toti\u017e opravdu hodn\u011b sn\u016f a taky c\u00edl\u016f, kter\u00e9 jsem si cht\u011bla splnit. A v\u011b\u0159te mi nebo ne, tak k tomu jsem pot\u0159ebovala opravdu hodn\u011b pen\u011bz. Cht\u011bla jsem toti\u017e...","datePublished":"2022-08-30","dateModified":"2023-05-03","author":{"@type":"Person","@id":"https:\/\/www.welery.cz\/author\/devene\/#Person","name":"devene","url":"https:\/\/www.welery.cz\/author\/devene\/","identifier":1,"image":{"@type":"ImageObject","@id":"https:\/\/secure.gravatar.com\/avatar\/b86e461e91a792eb6523c2667396c9868de382fea5dd80e25dc0d9e030173b65?s=96&d=mm&r=g","url":"https:\/\/secure.gravatar.com\/avatar\/b86e461e91a792eb6523c2667396c9868de382fea5dd80e25dc0d9e030173b65?s=96&d=mm&r=g","height":96,"width":96}},"publisher":{"@type":"Organization","name":"welery.cz","logo":{"@type":"ImageObject","@id":"\/logo.png","url":"\/logo.png","width":600,"height":60}},"image":{"@type":"ImageObject","@id":"https:\/\/www.welery.cz\/wp-content\/uploads\/u%C4%8Den%C3%AD_3.JPG","url":"https:\/\/www.welery.cz\/wp-content\/uploads\/u%C4%8Den%C3%AD_3.JPG","height":0,"width":0},"url":"https:\/\/www.welery.cz\/moje-prace-na-pocitaci\/","about":["IT"],"wordCount":408,"articleBody":"Kdy\u017e jsem dod\u011blala st\u0159edn\u00ed \u0161kolu, tak jsem p\u0159em\u00fd\u0161lela, kam p\u016fjdu studovat d\u00e1l. Taky jsem p\u0159em\u00fd\u0161lela, jestli u\u017e po maturit\u011b nep\u016fjdu rad\u011bji pracovat, abych m\u011bla pen\u00edze. M\u011bla jsem toti\u017e opravdu hodn\u011b sn\u016f a taky c\u00edl\u016f, kter\u00e9 jsem si cht\u011bla splnit. A v\u011b\u0159te mi nebo ne, tak k tomu jsem pot\u0159ebovala opravdu hodn\u011b pen\u011bz. Cht\u011bla jsem toti\u017e cestovat po cel\u00e9m sv\u011bt\u011b. Cel\u00fd \u017eivot jsem byla doma a u mo\u0159e jsem byla pouze jenom dvakr\u00e1t. A potom jenom dvakr\u00e1t v Krkono\u0161\u00edch a jednou Jesen\u00edk\u00e1ch. Tak\u017ee se mi nedivte, \u017ee jsem tou\u017eila po tom, \u017ee objedu opravdu hodn\u011b m\u00edst na na\u0161em sv\u011bt\u011b. Ne jenom Evropu, ale v\u0161ude. Tak\u017ee jsem si \u0159ekla, \u017ee rad\u011bji p\u016fjdu je\u0161t\u011b studovat t\u0159eba na \u010dty\u0159i roky d\u00e1l, t\u0159eba vy\u0161\u0161\u00ed odbornou \u0161kolu, kde si potom najdu kvalitn\u00ed pr\u00e1ci, abych m\u011bla lep\u0161\u00ed pen\u00edze. \u0160la jsem studovat informa\u010dn\u00ed technologie, kter\u00e9 m\u011b zaj\u00edmaly u\u017e odmali\u010dka. Proto\u017ee ve sv\u00fdch osmi letech jsem dostala u\u017e sv\u016fj prvn\u00ed po\u010d\u00edta\u010d, na kter\u00e9m jsem se u\u010dila zach\u00e1zet pracovat. Opravdu hodn\u011b m\u011b to bavilo. A kdy\u017e jsem potom nastoupila na st\u0159edn\u00ed \u0161kolu, tak jsem v po\u010d\u00edta\u010di a informatice opravdu vynikala.Dok\u00e1zala jsem popsat v\u0161echno, co si u\u010ditel informatiky p\u0159\u00e1l. Tak\u017ee informa\u010dn\u00ed technologie pro m\u011b nebyly ve \u0161kole \u017e\u00e1dn\u00e1 novinka, ale n\u011bco, s \u010d\u00edm jsem se u\u017e setkala d\u00e1vno a \u010demu rozum\u00edm velmi dob\u0159e. A taky jsem byla velice r\u00e1da, \u017ee mi u\u010ditel n\u011bkdy dovolil, abych t\u0159eba n\u011bkter\u00fd nech\u00e1pav\u00fdm \u017e\u00e1k\u016fm vysv\u011btlila, co je to informa\u010dn\u00ed technologie a k \u010demu n\u00e1m je dobr\u00e1. A kde se informa\u010dn\u00ed technologie taky v\u0161ude nach\u00e1z\u00ed. Je to opravdu skv\u011bl\u00e9, proto\u017ee osobn\u011b j\u00e1 nev\u00edm, co bych d\u011blala, kdyby internetov\u00e1 technologie nebyla. Pro m\u011b je to velice d\u016fle\u017eit\u00e9, proto\u017ee informa\u010dn\u00ed technologie m\u011b se v\u0161\u00edm seznamuje a taky mi pom\u00e1h\u00e1 v pr\u00e1ci. Tak\u017ee je mi potom jasn\u00e9, \u017ee a\u017e budu cestovat, cht\u011bla bych potom taky na internetu ps\u00e1t r\u016fzn\u00e9 z\u00e1pisky, aby se ka\u017ed\u00fd mohl p\u0159e\u010d\u00edst.                                                                                                                                                                                                                                                                                                                                                                                        4.8\/5 - (9 votes)        "},{"@context":"https:\/\/schema.org\/","@type":"BreadcrumbList","itemListElement":[{"@type":"ListItem","position":1,"name":"Moje pr\u00e1ce na po\u010d\u00edta\u010di","item":"https:\/\/www.welery.cz\/moje-prace-na-pocitaci\/#breadcrumbitem"}]}]